{"id":248,"date":"2013-02-08T10:45:39","date_gmt":"2013-02-08T10:45:39","guid":{"rendered":"http:\/\/www.woodtech-project.eu\/?p=248"},"modified":"2013-03-20T10:28:45","modified_gmt":"2013-03-20T10:28:45","slug":"el-ctfc-lidera-un-nou-projecte-per-a-la-promocio-de-la-innovacio-i-la-millora-de-la-competitivitat-de-les-pimes-de-la-industria-de-la-fusta","status":"publish","type":"post","link":"https:\/\/woodtech-project.eu\/?p=248","title":{"rendered":"El CTFC lidera un nou projecte per a la promoci\u00f3 de la innovaci\u00f3 i la millora de la competitivitat de les PIMES de la ind\u00fastria de la fusta"},"content":{"rendered":"<p>Durant els dies 28 i 29 de novembre s\u2019ha donat el tret de sortida al projecte WOODTECH, projecte finan\u00e7at per la Uni\u00f3 Europea, dins del Programa Interreg SUDOE.<\/p>\n<p>WOODTECH, que t\u00e9 una durada de dos anys, t\u00e9 com a principal objectiu la promoci\u00f3 de la innovaci\u00f3 per a la millora de la competitivitat de les PIMES a la ind\u00fastria de la fusta de l\u2019espai SUDOE. Per a fer-ho, es compta amb la col\u00b7laboraci\u00f3 de socis de l\u2019estat espanyol, franc\u00e8s i portugu\u00e8s, provinents d\u2019universitats, cl\u00fasters i pols de competitivitat empresarial.<\/p>\n<p>Els socis del projecte s\u00f3n:<\/p>\n<ul>\n<li>el Centre Tecnol\u00f2gic Forestal de Catalunya (Catalunya), coordinador del projecte<\/li>\n<li>l\u2019Institut Catal\u00e0 de la Fusta (Catalunya)<\/li>\n<li>Hazi Konsultoria (Pais Basc)<\/li>\n<li>l\u2019Instituto Tecnol\u00f3gico de la Madera, el Mueble y Afines (Comunitat Valenciana)<\/li>\n<li>Centro de Inova\u00e7\u00e3o Empresarial de Beira Interior (Centro \u2013 Portugal)<\/li>\n<li>Instituto Superior de Agronomia (Lisboa \u2013 Portugal)<\/li>\n<li>P\u00f4le de comp\u00e9titivit\u00e9 Xylofutur (Aquitania \u2013 Fran\u00e7a)<\/li>\n<li>CIRAD (Llenguadoc-Rossell\u00f3 \u2013 Fran\u00e7a)<\/li>\n<\/ul>\n<p>Els objectius del projecte s\u00f3n:<br \/>\n\u2022 Desenvolupar 4 nous productes elaborats amb fusta d\u2019esp\u00e8cies forestals que provinguin de boscos de la regi\u00f3 SUDOE<br \/>\n\u2022 Posar a disposici\u00f3 de les PIMEs aquests productes innovats per a la seva explotaci\u00f3 comercial<br \/>\n\u2022 Promocionar i divulgar aquests nous productes tant al sector com a la societat<br \/>\n\u2022 Transferir els coneixements i la tecnologia generada.<br \/>\n\u2022 Capacitar i donar eines d\u2019emprenedoria a 20 PIMEs de l\u2019espai SUDOE i fomentar la creaci\u00f3 d\u2019ocupaci\u00f3<br \/>\n\u2022 Crear una xarxa de cooperaci\u00f3 estable entre les PIMEs interessades i els partners del projecte<\/p>\n<p>El sector de la primera i segona transformaci\u00f3 de la fusta pateix en aquests moments una crisi notable degut en part, a la forta davallada del mercat de la construcci\u00f3, a l\u2019excessiva depend\u00e8ncia dels mercats de fusta exteriors i a l\u2019\u00fas d\u2019altres productes substitutius a la fusta com el formig\u00f3, l\u2019acer i el pl\u00e0stic. WOODTECH pret\u00e9n ser un projecte demostratiu, a favor dels productes fets amb fustes locals, que contribueixi a la millora de la situaci\u00f3 de les PIMES del sector a Catalunya i de la regi\u00f3 SUDOE, davant les importacions de productes provinents del centre i nord d\u2019Europa.<\/p>\n<p>Per a m\u00e9s informaci\u00f3:<\/p>\n<p>Ester Blanco<br \/>\nCoordinadora WOODTECH<br \/>\nwoodtech@ctfc.es<br \/>\n+34 973481752\u00a0Ext.:233<\/p>","protected":false},"excerpt":{"rendered":"<p>Durant els dies 28 i 29 de novembre s\u2019ha donat el tret de sortida al projecte WOODTECH, projecte finan\u00e7at per la Uni\u00f3 Europea, dins del Programa Interreg SUDOE. WOODTECH, que t\u00e9 una durada de dos anys, t\u00e9 com a principal objectiu la promoci\u00f3 de la innovaci\u00f3 per a la millora de la competitivitat de les [&hellip;]<\/p>\n","protected":false},"author":4,"featured_media":0,"comment_status":"closed","ping_status":"closed","sticky":false,"template":"","format":"quote","meta":{"ngg_post_thumbnail":0},"categories":[3],"tags":[],"_links":{"self":[{"href":"https:\/\/woodtech-project.eu\/index.php?rest_route=\/wp\/v2\/posts\/248"}],"collection":[{"href":"https:\/\/woodtech-project.eu\/index.php?rest_route=\/wp\/v2\/posts"}],"about":[{"href":"https:\/\/woodtech-project.eu\/index.php?rest_route=\/wp\/v2\/types\/post"}],"author":[{"embeddable":true,"href":"https:\/\/woodtech-project.eu\/index.php?rest_route=\/wp\/v2\/users\/4"}],"replies":[{"embeddable":true,"href":"https:\/\/woodtech-project.eu\/index.php?rest_route=%2Fwp%2Fv2%2Fcomments&post=248"}],"version-history":[{"count":7,"href":"https:\/\/woodtech-project.eu\/index.php?rest_route=\/wp\/v2\/posts\/248\/revisions"}],"predecessor-version":[{"id":303,"href":"https:\/\/woodtech-project.eu\/index.php?rest_route=\/wp\/v2\/posts\/248\/revisions\/303"}],"wp:attachment":[{"href":"https:\/\/woodtech-project.eu\/index.php?rest_route=%2Fwp%2Fv2%2Fmedia&parent=248"}],"wp:term":[{"taxonomy":"category","embeddable":true,"href":"https:\/\/woodtech-project.eu\/index.php?rest_route=%2Fwp%2Fv2%2Fcategories&post=248"},{"taxonomy":"post_tag","embeddable":true,"href":"https:\/\/woodtech-project.eu\/index.php?rest_route=%2Fwp%2Fv2%2Ftags&post=248"}],"curies":[{"name":"wp","href":"https:\/\/api.w.org\/{rel}","templated":true}]}}