{"id":253,"date":"2013-02-08T10:49:52","date_gmt":"2013-02-08T10:49:52","guid":{"rendered":"http:\/\/www.woodtech-project.eu\/?p=253"},"modified":"2013-02-08T10:49:52","modified_gmt":"2013-02-08T10:49:52","slug":"el-ctfc-signa-el-conveni-dinici-del-projecte-per-a-la-promocio-de-la-innovacio-i-la-millora-de-la-competitivitat-de-les-pimes-de-la-industria-de-la-fusta","status":"publish","type":"post","link":"https:\/\/woodtech-project.eu\/?p=253","title":{"rendered":"El CTFC signa el conveni d\u2019inici del projecte per a la promoci\u00f3 de la innovaci\u00f3 i la millora de la competitivitat de les PIMES de la ind\u00fastria de la fusta"},"content":{"rendered":"<p><a href=\"https:\/\/woodtech-project.eu\/wp-content\/uploads\/foto_acord_feder2.jpg\"><img decoding=\"async\" loading=\"lazy\" class=\"alignnone size-medium wp-image-254\" alt=\"foto_acord_feder2\" src=\"https:\/\/woodtech-project.eu\/wp-content\/uploads\/foto_acord_feder2-300x225.jpg\" width=\"300\" height=\"225\" srcset=\"https:\/\/woodtech-project.eu\/wp-content\/uploads\/foto_acord_feder2-300x225.jpg 300w, https:\/\/woodtech-project.eu\/wp-content\/uploads\/foto_acord_feder2.jpg 640w\" sizes=\"(max-width: 300px) 100vw, 300px\" \/><\/a><\/p>\n<p>La setmana passada es va signar a Santander l\u2019acord de concessi\u00f3 d\u2019ajut FEDER entre l\u2019Autoritat de Gesti\u00f3 del Programa de Cooperaci\u00f3 Territorial Europea Espai SUDOE Europeu i el CTFC per a la realitzaci\u00f3 del projecte Woodtech. Aquest projecte est\u00e0 finan\u00e7at per la Uni\u00f3 Europea, i el CTFC n\u2019\u00e9s el beneficiari principal.<\/p>\n<p><strong>El projecte<\/strong><\/p>\n<p>WOODTECH, que t\u00e9 una durada de dos anys, t\u00e9 com a principal objectiu la promoci\u00f3 de la innovaci\u00f3 per a la millora de la competitivitat de les PIMES a la ind\u00fastria de la fusta de l\u2019espai SUDOE. Per a fer-ho, es compta amb la col\u2022laboraci\u00f3 de 3 socis m\u00e9s de l\u2019estat espanyol, 2 socis a Fran\u00e7a i 2 socis a Portugal, provinents d\u2019universitats, cl\u00fasters i pols de competitivitat empresarial.<br \/>\nEls objectius del projecte s\u00f3n desenvolupar 4 nous productes elaborats amb fusta d\u2019esp\u00e8cies forestals que provinguin de boscos de la regi\u00f3 SUDOE, posar a disposici\u00f3 de les PIMEs aquests productes innovats per a la seva explotaci\u00f3 comercial, promoure i divulgar aquests nous productes tant al sector com a la societat, transferir els coneixements i la tecnologia generada, capacitar i donar eines d\u2019emprenedoria a 20 PIMEs de l\u2019espai SUDOE i fomentar la creaci\u00f3 d\u2019ocupaci\u00f3, i crear una xarxa de cooperaci\u00f3 estable entre les PIMEs interessades i els partners del projecte.<br \/>\nEl sector de la primera i segona transformaci\u00f3 de la fusta pateix en aquests moments una crisi notable deguda en part, a la forta davallada del mercat de la construcci\u00f3, a l\u2019excessiva depend\u00e8ncia dels mercats de fusta exteriors i a l\u2019\u00fas d\u2019altres productes substitutius a la fusta com el formig\u00f3, l\u2019acer i el pl\u00e0stic. WOODTECH pret\u00e9n ser un projecte demostratiu, a favor dels productes fets amb fustes locals, que contribueixi a la millora de la situaci\u00f3 de les PIMES del sector a Catalunya i de la regi\u00f3 SUDOE, davant les importacions de productes provinents del centre i nord d\u2019Europa.<\/p>","protected":false},"excerpt":{"rendered":"<p>La setmana passada es va signar a Santander l\u2019acord de concessi\u00f3 d\u2019ajut FEDER entre l\u2019Autoritat de Gesti\u00f3 del Programa de Cooperaci\u00f3 Territorial Europea Espai SUDOE Europeu i el CTFC per a la realitzaci\u00f3 del projecte Woodtech. Aquest projecte est\u00e0 finan\u00e7at per la Uni\u00f3 Europea, i el CTFC n\u2019\u00e9s el beneficiari principal. El projecte WOODTECH, que [&hellip;]<\/p>\n","protected":false},"author":4,"featured_media":254,"comment_status":"closed","ping_status":"closed","sticky":false,"template":"","format":"quote","meta":{"ngg_post_thumbnail":0},"categories":[3],"tags":[],"_links":{"self":[{"href":"https:\/\/woodtech-project.eu\/index.php?rest_route=\/wp\/v2\/posts\/253"}],"collection":[{"href":"https:\/\/woodtech-project.eu\/index.php?rest_route=\/wp\/v2\/posts"}],"about":[{"href":"https:\/\/woodtech-project.eu\/index.php?rest_route=\/wp\/v2\/types\/post"}],"author":[{"embeddable":true,"href":"https:\/\/woodtech-project.eu\/index.php?rest_route=\/wp\/v2\/users\/4"}],"replies":[{"embeddable":true,"href":"https:\/\/woodtech-project.eu\/index.php?rest_route=%2Fwp%2Fv2%2Fcomments&post=253"}],"version-history":[{"count":1,"href":"https:\/\/woodtech-project.eu\/index.php?rest_route=\/wp\/v2\/posts\/253\/revisions"}],"predecessor-version":[{"id":255,"href":"https:\/\/woodtech-project.eu\/index.php?rest_route=\/wp\/v2\/posts\/253\/revisions\/255"}],"wp:featuredmedia":[{"embeddable":true,"href":"https:\/\/woodtech-project.eu\/index.php?rest_route=\/wp\/v2\/media\/254"}],"wp:attachment":[{"href":"https:\/\/woodtech-project.eu\/index.php?rest_route=%2Fwp%2Fv2%2Fmedia&parent=253"}],"wp:term":[{"taxonomy":"category","embeddable":true,"href":"https:\/\/woodtech-project.eu\/index.php?rest_route=%2Fwp%2Fv2%2Fcategories&post=253"},{"taxonomy":"post_tag","embeddable":true,"href":"https:\/\/woodtech-project.eu\/index.php?rest_route=%2Fwp%2Fv2%2Ftags&post=253"}],"curies":[{"name":"wp","href":"https:\/\/api.w.org\/{rel}","templated":true}]}}